{"id":46,"date":"2025-05-13T10:54:14","date_gmt":"2025-05-13T08:54:14","guid":{"rendered":"https:\/\/www.aulagalegaprofesional.com\/?p=46"},"modified":"2025-05-13T10:56:42","modified_gmt":"2025-05-13T08:56:42","slug":"curso-08-2025-procedemento-tributario-e-xestion-recadatoria-nas-entidades-locais-vision-practica","status":"publish","type":"post","link":"https:\/\/www.aulagalegaprofesional.com\/index.php\/2025\/05\/13\/curso-08-2025-procedemento-tributario-e-xestion-recadatoria-nas-entidades-locais-vision-practica\/","title":{"rendered":"CURSO 08 (2025): PROCEDEMENTO TRIBUTARIO E XESTI\u00d3N RECADATORIA NAS ENTIDADES LOCAIS. VISI\u00d3N PR\u00c1CTICA"},"content":{"rendered":"\n<figure class=\"wp-block-image size-full\"><img loading=\"lazy\" decoding=\"async\" width=\"1000\" height=\"1500\" src=\"https:\/\/www.aulagalegaprofesional.com\/wp-content\/uploads\/2024\/09\/aula-1.jpeg\" alt=\"\" class=\"wp-image-32\"\/><\/figure>\n\n\n\n<div class=\"wp-block-group has-global-padding is-layout-constrained wp-block-group-is-layout-constrained\">\n<p style=\"font-style:normal;font-weight:600\">Introducci\u00f3n<\/p>\n\n\n\n<ul class=\"wp-block-list\">\n<li>Introducci\u00f3n<\/li>\n\n\n\n<li>Las obligaciones tributarias<\/li>\n\n\n\n<li>Obligados tributarios y domicilio fiscal<\/li>\n\n\n\n<li>Obligaciones y deberes de la administraci\u00f3n tributaria<\/li>\n\n\n\n<li>Deuda tributaria<\/li>\n\n\n\n<li>Procedimiento tributario<\/li>\n\n\n\n<li>Novedades en materia tributaria<\/li>\n<\/ul>\n\n\n\n<p style=\"font-style:normal;font-weight:600\"><\/p>\n\n\n\n<p><\/p>\n\n\n\n<p>DESTINATARIOS:<\/p>\n<\/div>\n\n\n\n<p>Funcionarios\/as con habilitaci\u00f3n de car\u00e1cter nacional y empleados\/as p\u00fablicos\/as de la Administraci\u00f3n Local con responsabilidades en materia de gesti\u00f3n econ\u00f3mica, planificaci\u00f3n financiera, gesti\u00f3n presupuestaria, intervenci\u00f3n y asesor\u00eda jur\u00eddica.<\/p>\n\n\n\n<p>Organizador:<\/p>\n\n\n\n<p><a href=\"https:\/\/www.fegamp.gal\">FEGAMP (Federaci\u00f3n galega de municipios e provincias)<\/a><\/p>\n","protected":false},"excerpt":{"rendered":"<p>Introducci\u00f3n DESTINATARIOS: Funcionarios\/as con habilitaci\u00f3n de car\u00e1cter nacional y empleados\/as p\u00fablicos\/as de la Administraci\u00f3n Local con responsabilidades en materia de gesti\u00f3n econ\u00f3mica, planificaci\u00f3n financiera, gesti\u00f3n presupuestaria, intervenci\u00f3n y asesor\u00eda jur\u00eddica. Organizador: FEGAMP (Federaci\u00f3n galega de municipios e provincias)<\/p>\n","protected":false},"author":1,"featured_media":0,"comment_status":"closed","ping_status":"open","sticky":false,"template":"","format":"standard","meta":{"footnotes":""},"categories":[1],"tags":[12,8,7,13,10,14,15],"class_list":["post-46","post","type-post","status-publish","format-standard","hentry","category-sin-categoria","tag-12","tag-cursos-online","tag-fegamp","tag-funcionarios-publicos-2","tag-planes-presupuestarios","tag-procedimiento-tributario","tag-xestion-recadatoria"],"_links":{"self":[{"href":"https:\/\/www.aulagalegaprofesional.com\/index.php\/wp-json\/wp\/v2\/posts\/46"}],"collection":[{"href":"https:\/\/www.aulagalegaprofesional.com\/index.php\/wp-json\/wp\/v2\/posts"}],"about":[{"href":"https:\/\/www.aulagalegaprofesional.com\/index.php\/wp-json\/wp\/v2\/types\/post"}],"author":[{"embeddable":true,"href":"https:\/\/www.aulagalegaprofesional.com\/index.php\/wp-json\/wp\/v2\/users\/1"}],"replies":[{"embeddable":true,"href":"https:\/\/www.aulagalegaprofesional.com\/index.php\/wp-json\/wp\/v2\/comments?post=46"}],"version-history":[{"count":1,"href":"https:\/\/www.aulagalegaprofesional.com\/index.php\/wp-json\/wp\/v2\/posts\/46\/revisions"}],"predecessor-version":[{"id":47,"href":"https:\/\/www.aulagalegaprofesional.com\/index.php\/wp-json\/wp\/v2\/posts\/46\/revisions\/47"}],"wp:attachment":[{"href":"https:\/\/www.aulagalegaprofesional.com\/index.php\/wp-json\/wp\/v2\/media?parent=46"}],"wp:term":[{"taxonomy":"category","embeddable":true,"href":"https:\/\/www.aulagalegaprofesional.com\/index.php\/wp-json\/wp\/v2\/categories?post=46"},{"taxonomy":"post_tag","embeddable":true,"href":"https:\/\/www.aulagalegaprofesional.com\/index.php\/wp-json\/wp\/v2\/tags?post=46"}],"curies":[{"name":"wp","href":"https:\/\/api.w.org\/{rel}","templated":true}]}}